{"id":10447,"date":"2023-07-05T14:46:14","date_gmt":"2023-07-05T17:46:14","guid":{"rendered":"https:\/\/revistaempresarios.net\/web\/?p=10447"},"modified":"2023-07-05T14:46:14","modified_gmt":"2023-07-05T17:46:14","slug":"contratacoes-de-seguros-para-viagens-devem-aumentar-mais-de-20-nas-ferias-de-julho","status":"publish","type":"post","link":"https:\/\/revistaempresarios.net\/web\/2023\/07\/05\/contratacoes-de-seguros-para-viagens-devem-aumentar-mais-de-20-nas-ferias-de-julho\/","title":{"rendered":"Contrata\u00e7\u00f5es de seguros para viagens devem aumentar mais de 20% nas f\u00e9rias de julho"},"content":{"rendered":"<p>Parceiro da Agger, o corretor e s\u00f3cio da Orun Seguros de Salvador, ressalta que a prote\u00e7\u00e3o oferece cobertura para uma lista de despesas<\/p>\n<p>As f\u00e9rias de julho s\u00e3o um per\u00edodo que movimenta milhares de turistas brasileiros dentro e fora do pa\u00eds, aquecendo o mercado de turismo e a economia nacional. T\u00e3o importante quanto planejar bem o destino e a hospedagem do passeio, a contrata\u00e7\u00e3o do seguro viagem tamb\u00e9m deve entrar como item indispens\u00e1vel na hora do check-list de f\u00e9rias. Ao contr\u00e1rio do que muitas pessoas pensam, o produto protege os passageiros tanto em viagens internacionais quanto dentro do territ\u00f3rio brasileiro.<\/p>\n<p>De acordo com a CNSeg (Confedera\u00e7\u00e3o Nacional das Seguradoras), at\u00e9 mar\u00e7o de 2023 a arrecada\u00e7\u00e3o foi de quase R$ 202 milh\u00f5es no setor de seguros para viagens. O valor \u00e9 19,04% superior ao registrado no mesmo per\u00edodo do ano passado, tend\u00eancia que deve ser mantida neste primeiro semestre.<\/p>\n<p>Parceiro da Agger, o corretor e s\u00f3cio da Orun Seguros, Eraldo C\u00e9sar Cerqueira, conta que a procura pelo produto vem crescendo nos \u00faltimos meses. Segundo ele, de janeiro a junho de 2023, o aumento foi de 70% na corretora que est\u00e1 localizada na cidade de Salvador (BA), onde a prote\u00e7\u00e3o custa, em m\u00e9dia, R$ 300 para destinos nacionais e R$ 800 para viagens internacionais. \u201cO seguro viagem oferece uma seguran\u00e7a essencial ao turista para a cobertura de uma lista de despesas, garantindo um lastro financeiro suficiente para bancar gastos m\u00e9dicos, interna\u00e7\u00f5es, despesas jur\u00eddicas, cancelamentos de voos e, em casos mais graves como falecimento, at\u00e9 o repatriamento do corpo do segurado\u201d, ressalta Eraldo C\u00e9sar.<\/p>\n<p><strong>Exig\u00eancia<\/strong><\/p>\n<p>Alguns pa\u00edses, como \u00e9 o caso dos Estados Unidos e do Canad\u00e1, s\u00f3 permitem a entrada de viajantes que tenham cobertura m\u00e9dica, prevista no seguro viagem. Nos locais onde essa prote\u00e7\u00e3o n\u00e3o \u00e9 exig\u00eancia, o consumidor deve ter a liberdade de escolher se quer ou n\u00e3o contratar o seguro, mas tamb\u00e9m deve estar ciente de que, em pa\u00edses que n\u00e3o contam com uma estrutura similar ao Sistema \u00danico de Sa\u00fade (SUS), qualquer emerg\u00eancia m\u00e9dica poder\u00e1 acarretar problemas burocr\u00e1ticos e impactos significativos nas finan\u00e7as.<\/p>\n<p>O representante da Orun Seguros e parceiro da Agger, Eraldo C\u00e9sar lembra que o seguro viagem tamb\u00e9m \u00e9 obrigat\u00f3rio para destinos que fazem parte do Tratado de Schengen, incluindo 27 pa\u00edses da Europa (\u00c1ustria, B\u00e9lgica, Cro\u00e1cia, Rep\u00fablica Tcheca, Dinamarca, Est\u00f4nia, Finl\u00e2ndia, Fran\u00e7a, Alemanha, Gr\u00e9cia, Hungria, Isl\u00e2ndia, It\u00e1lia, Let\u00f4nia, Liechtenstein, Litu\u00e2nia, Luxemburgo, Malta, Holanda, Noruega, Pol\u00f4nia, Portugal, Eslov\u00e1quia, Eslov\u00eania, Espanha, Su\u00e9cia, Su\u00ed\u00e7a).<\/p>\n<p>Assinado em 1985, o tratado imp\u00f5e, entre outras regras, que turistas origin\u00e1rios de regi\u00f5es que n\u00e3o fazem parte do acordo tenham, obrigatoriamente, o seguro viagem para entrada no Velho Continente.<\/p>\n<p><strong>Orienta\u00e7\u00f5es<\/strong><br \/>\nEntre as orienta\u00e7\u00f5es para a contrata\u00e7\u00e3o do seguro viagem, o consumidor deve analisar muito bem a oferta, se o plano de assist\u00eancia m\u00e9dica possui cobertura para a regi\u00e3o de destino, aux\u00edlio para extravio de bagagem ou problemas no voo, e fazer uma compara\u00e7\u00e3o de pre\u00e7os. As cl\u00e1usulas contratuais devem deixar claras quest\u00f5es como per\u00edodo de vig\u00eancia do seguro, extens\u00e3o da cobertura, reembolso e indeniza\u00e7\u00f5es para casos de preju\u00edzos referentes a imprevistos cobertos pelo seguro viagem.<\/p>\n<p><strong>Sobre a Agger:\u202f<\/strong><\/p>\n<p>A Agger \u00e9 a principal plataforma de gest\u00e3o e cota\u00e7\u00f5es de seguros para corretoras de seguros no Brasil. Com uma base de mais de 45 mil usu\u00e1rios, a empresa consegue unir, em uma s\u00f3 plataforma, cota\u00e7\u00f5es, controle de ap\u00f3lices e comiss\u00f5es, c\u00e1lculos, entre muitos outros servi\u00e7os. Com sede em Rio Claro- SP, a Agger nasceu h\u00e1 29 anos com o objetivo de levar mais praticidade e efici\u00eancia ao dia a dia dos corretores, solucionando problemas antigos do mercado. Com mais de 7.500 clientes, a empresa opera mais de 18 milh\u00f5es de cota\u00e7\u00f5es de seguros mensais no Brasil. Em 2021, foi adquirida pelo fundo de investimentos Arco Capital. Gabriel Ronacher, managing partner da Arco Capital, assumiu como CEO da Agger. O fundo de investimentos conta, entre seus investidores, com nomes reconhecidos no cen\u00e1rio nacional como Raphael Klein (Kviv Ventures), al\u00e9m de fundos e investidores internacionais com vasta experi\u00eancia no mercado de tecnologia e de seguros nos EUA.<\/p>\n<p>Site Agger &#8211; www.agger.com.br<\/p>\n","protected":false},"excerpt":{"rendered":"<p>Parceiro da Agger, o corretor e s\u00f3cio da Orun Seguros de Salvador, ressalta que a prote\u00e7\u00e3o oferece cobertura para uma lista de despesas As f\u00e9rias de julho s\u00e3o um per\u00edodo que movimenta milhares de turistas brasileiros dentro e fora do pa\u00eds, aquecendo o mercado de turismo e a economia nacional. T\u00e3o importante quanto planejar bem [&hellip;]<\/p>\n","protected":false},"author":2,"featured_media":10448,"comment_status":"open","ping_status":"open","sticky":false,"template":"","format":"standard","meta":{"_jetpack_memberships_contains_paid_content":false,"footnotes":""},"categories":[1],"tags":[],"featured_image_src":{"landsacpe":["https:\/\/revistaempresarios.net\/web\/wp-content\/uploads\/2023\/07\/origem-dos-bancos-surgimento-das-cedulas-emprestimos-e-atualmente-3-1024x576.jpg-1024x445.webp",1024,445,true],"list":["https:\/\/revistaempresarios.net\/web\/wp-content\/uploads\/2023\/07\/origem-dos-bancos-surgimento-das-cedulas-emprestimos-e-atualmente-3-1024x576.jpg-463x348.webp",463,348,true],"medium":["https:\/\/revistaempresarios.net\/web\/wp-content\/uploads\/2023\/07\/origem-dos-bancos-surgimento-das-cedulas-emprestimos-e-atualmente-3-1024x576.jpg-300x169.webp",300,169,true],"full":["https:\/\/revistaempresarios.net\/web\/wp-content\/uploads\/2023\/07\/origem-dos-bancos-surgimento-das-cedulas-emprestimos-e-atualmente-3-1024x576.jpg.webp",1024,576,false]},"jetpack_sharing_enabled":true,"jetpack_featured_media_url":"https:\/\/revistaempresarios.net\/web\/wp-content\/uploads\/2023\/07\/origem-dos-bancos-surgimento-das-cedulas-emprestimos-e-atualmente-3-1024x576.jpg.webp","jetpack-related-posts":[],"_links":{"self":[{"href":"https:\/\/revistaempresarios.net\/web\/wp-json\/wp\/v2\/posts\/10447"}],"collection":[{"href":"https:\/\/revistaempresarios.net\/web\/wp-json\/wp\/v2\/posts"}],"about":[{"href":"https:\/\/revistaempresarios.net\/web\/wp-json\/wp\/v2\/types\/post"}],"author":[{"embeddable":true,"href":"https:\/\/revistaempresarios.net\/web\/wp-json\/wp\/v2\/users\/2"}],"replies":[{"embeddable":true,"href":"https:\/\/revistaempresarios.net\/web\/wp-json\/wp\/v2\/comments?post=10447"}],"version-history":[{"count":1,"href":"https:\/\/revistaempresarios.net\/web\/wp-json\/wp\/v2\/posts\/10447\/revisions"}],"predecessor-version":[{"id":10449,"href":"https:\/\/revistaempresarios.net\/web\/wp-json\/wp\/v2\/posts\/10447\/revisions\/10449"}],"wp:featuredmedia":[{"embeddable":true,"href":"https:\/\/revistaempresarios.net\/web\/wp-json\/wp\/v2\/media\/10448"}],"wp:attachment":[{"href":"https:\/\/revistaempresarios.net\/web\/wp-json\/wp\/v2\/media?parent=10447"}],"wp:term":[{"taxonomy":"category","embeddable":true,"href":"https:\/\/revistaempresarios.net\/web\/wp-json\/wp\/v2\/categories?post=10447"},{"taxonomy":"post_tag","embeddable":true,"href":"https:\/\/revistaempresarios.net\/web\/wp-json\/wp\/v2\/tags?post=10447"}],"curies":[{"name":"wp","href":"https:\/\/api.w.org\/{rel}","templated":true}]}}