{"id":10346,"date":"2023-06-28T07:37:32","date_gmt":"2023-06-28T10:37:32","guid":{"rendered":"https:\/\/revistaempresarios.net\/web\/?p=10346"},"modified":"2023-06-28T07:37:32","modified_gmt":"2023-06-28T10:37:32","slug":"6-reflexoes-sobre-treinamento-e-desenvolvimento-para-aplicar-hoje-mesmo-na-rotina-da-sua-empresa","status":"publish","type":"post","link":"https:\/\/revistaempresarios.net\/web\/2023\/06\/28\/6-reflexoes-sobre-treinamento-e-desenvolvimento-para-aplicar-hoje-mesmo-na-rotina-da-sua-empresa\/","title":{"rendered":"6 reflex\u00f5es sobre Treinamento e Desenvolvimento para aplicar hoje mesmo na rotina da sua empresa"},"content":{"rendered":"<p class=\"fst-italic text-center\">Palestrantes do CBTD, de executivos de multinacionais ao jornalista Zeca Camargo, abordaram v\u00e1rias perspectivas da educa\u00e7\u00e3o corporativa durante o maior evento nacional do setor, com presen\u00e7a de mais de 7 mil pessoas<\/p>\n<div>\n<p>\u00a0O Congresso Brasileiro de Treinamento e Desenvolvimento (CBTD), realizado pela ABTD, chegou a sua 38\u00aa edi\u00e7\u00e3o, com recorde de p\u00fablico. Foi registrada a presen\u00e7a de mais de 7 mil pessoas, que percorreram os corredores do <em>Pro Magno Centro de Eventos<\/em>\u00a0entre 21 e 23 de junho, em S\u00e3o Paulo.<\/p>\n<p>Entre os principais expositores estavam executivos das maiores empresas de solu\u00e7\u00f5es para a \u00e1rea de T&amp;D do pa\u00eds. O congresso contou com in\u00fameras palestras de profissionais que abordaram o que h\u00e1 de mais moderno no setor. Veja abaixo os destaques e aprendizados de algumas das palestras, que podem melhorar o engajamento dentro da sua empresa:<\/p>\n<ol>\n<li>A \u00e1rea de ESG foi protagonista do evento, estando presente em um grande n\u00famero de conversas entre visitantes, palestrantes e convidados. Para a supervisora ambiental da Amaggi, Helo\u00edsa Torres, o aprendizado e a capacita\u00e7\u00e3o s\u00e3o fundamentais para o fortalecimento dos compromissos ESG: \u201c\u00c9 importante que todos os colaboradores estejam engajados nesta mesma agenda e a aprendizagem corporativa \u00e9 fundamental para isso\u201d, disse durante sua fala, lembrando que a educa\u00e7\u00e3o corporativa \u00e9 um fator importante para criar la\u00e7os fortificados entre colaboradores e pilares.<\/li>\n<li>Uma das atra\u00e7\u00f5es preferidas de quem esteve na edi\u00e7\u00e3o de 2022 foi o\u00a0<em>Top 5 CBTD,\u00a0<\/em>que voltou em 2023 com novos temas e novos palestrantes liderando as discuss\u00f5es. Um deles foi o escritor e educador corporativo Eduardo Zugaib, que falou sobre o conceito de capital criativo. A palestra do administrador de empresas Karim Khoury, conhecido mundialmente,\u00a0 tamb\u00e9m foi destaque no evento ao trazer dicas para fortalecer presen\u00e7a e foco no dia-a-dia corporativo, independente do seu perfil de trabalho: &#8220;Rotulos s\u00e3o para latas e n\u00e3o para pessoas\u201d.<\/li>\n<li>O\u00a0<em>onboarding<\/em>, um dos processos de integra\u00e7\u00e3o mais importantes na hora de receber novos colaboradores, foi tema central da palestra da CHRO do DOT Digital Group, Ana Paula B. Lehmkuhl, e do l\u00edder global de aprendizagem da Gerdau, Tiago Carzetta Marchina. Al\u00e9m do tema, Ana Paula falou tamb\u00e9m sobre a relev\u00e2ncia de conte\u00fado em programas de capacita\u00e7\u00e3o corporativa: \u201cO importante \u00e9 que, de perto ou longe, o conte\u00fado de estudo do colaborador seja relevante. O curso precisa ser desejado e se fazer necess\u00e1rio\u201d.<\/li>\n<li>Luis Fernando Palermo, especialista em Educomunica\u00e7\u00e3o e Marketing do DOT, falou sobre a import\u00e2ncia da ado\u00e7\u00e3o de estrat\u00e9gias variadas para engajar os colaboradores: \u201cH\u00e1 tr\u00eas caminhos importantes para se ter sucesso no engajamento corporativo. O primeiro deles \u00e9 a educomunica\u00e7\u00e3o \u2013 comunica\u00e7\u00e3o aplicada na educa\u00e7\u00e3o. O segundo s\u00e3o os conte\u00fados de intelig\u00eancia de mercado, que criam interesse pelo curso. O \u00faltimo deles \u00e9 a abertura de canais entre os alunos e os tutores para resolver assuntos mais pr\u00e1ticos de forma r\u00e1pida, atrav\u00e9s da tecnologia\u201d, comentou o executivo.<\/li>\n<li>A Intelig\u00eancia Artificial tamb\u00e9m esteve presente na maioria das falas sobre o futuro do trabalho, dividindo palco com ESG. A especialista em Edtech, Carolina Nunes, trouxe sua experi\u00eancia no DOT Digital Group para acalmar a parcela mais ansiosa da plateia: \u201cO uso da IA vai nos servir e proporcionar diversas melhorias. Uma delas \u00e9 o aumento da satisfa\u00e7\u00e3o dos alunos na hora de realizar cursos diversos, seja na educa\u00e7\u00e3o corporativa ou na educa\u00e7\u00e3o tradicional\u201d, explicou.<\/li>\n<li>A jornalista Val\u00e9ria Almeida e o apresentador Zeca Camargo encerraram o congresso abordando a import\u00e2ncia da comunica\u00e7\u00e3o para criar conex\u00f5es e a possibilidade do exerc\u00edcio dessa pr\u00e1tica. \u201cH\u00e1 pessoas que possuem o dom da comunica\u00e7\u00e3o, mas podemos trabalhar com ainda mais dedica\u00e7\u00e3o para desenvolver essa habilidade, j\u00e1 que comunica\u00e7\u00e3o \u00e9 muito mais do que falar\u201d, disse Val\u00e9ria Almeida. Zeca Camargo trouxe sua experi\u00eancia pessoal como jornalista para ilustrar a import\u00e2ncia da constru\u00e7\u00e3o de rela\u00e7\u00f5es: \u201cConhe\u00e7o 117 pa\u00edses, ainda faltam 80 para completar a volta ao mundo. Eu n\u00e3o viajo para ver monumentos, mas para ver gente\u201d.<\/li>\n<\/ol>\n<\/div>\n<div class=\"card mt-4 bg-light\">\n<div class=\"card-body\">\n<form action=\"https:\/\/imprensa.pressmanager.com.br\/releases_detalhes?mcm_id=213447427&amp;mcm_key=3dab6e5991e46f51196397720f501ae5&amp;nl_id=12826336&amp;nl_key=43038386bdc30a339814834a3d1af6ad\" method=\"post\">\n<div class=\"col-12\"><\/div>\n<\/form>\n<\/div>\n<\/div>\n","protected":false},"excerpt":{"rendered":"<p>Palestrantes do CBTD, de executivos de multinacionais ao jornalista Zeca Camargo, abordaram v\u00e1rias perspectivas da educa\u00e7\u00e3o corporativa durante o maior evento nacional do setor, com presen\u00e7a de mais de 7 mil pessoas \u00a0O Congresso Brasileiro de Treinamento e Desenvolvimento (CBTD), realizado pela ABTD, chegou a sua 38\u00aa edi\u00e7\u00e3o, com recorde de p\u00fablico. Foi registrada a [&hellip;]<\/p>\n","protected":false},"author":2,"featured_media":10347,"comment_status":"open","ping_status":"open","sticky":false,"template":"","format":"standard","meta":{"_jetpack_memberships_contains_paid_content":false,"_joinchat":[],"footnotes":""},"categories":[51],"tags":[7795],"featured_image_src":{"landsacpe":["https:\/\/revistaempresarios.net\/web\/wp-content\/uploads\/2023\/06\/treinamento-e-desenvolvimento-900x445.webp",900,445,true],"list":["https:\/\/revistaempresarios.net\/web\/wp-content\/uploads\/2023\/06\/treinamento-e-desenvolvimento-463x348.webp",463,348,true],"medium":["https:\/\/revistaempresarios.net\/web\/wp-content\/uploads\/2023\/06\/treinamento-e-desenvolvimento-300x155.webp",300,155,true],"full":["https:\/\/revistaempresarios.net\/web\/wp-content\/uploads\/2023\/06\/treinamento-e-desenvolvimento.webp",900,465,false]},"jetpack_sharing_enabled":true,"jetpack_featured_media_url":"https:\/\/revistaempresarios.net\/web\/wp-content\/uploads\/2023\/06\/treinamento-e-desenvolvimento.webp","jetpack-related-posts":[],"_links":{"self":[{"href":"https:\/\/revistaempresarios.net\/web\/wp-json\/wp\/v2\/posts\/10346"}],"collection":[{"href":"https:\/\/revistaempresarios.net\/web\/wp-json\/wp\/v2\/posts"}],"about":[{"href":"https:\/\/revistaempresarios.net\/web\/wp-json\/wp\/v2\/types\/post"}],"author":[{"embeddable":true,"href":"https:\/\/revistaempresarios.net\/web\/wp-json\/wp\/v2\/users\/2"}],"replies":[{"embeddable":true,"href":"https:\/\/revistaempresarios.net\/web\/wp-json\/wp\/v2\/comments?post=10346"}],"version-history":[{"count":1,"href":"https:\/\/revistaempresarios.net\/web\/wp-json\/wp\/v2\/posts\/10346\/revisions"}],"predecessor-version":[{"id":10348,"href":"https:\/\/revistaempresarios.net\/web\/wp-json\/wp\/v2\/posts\/10346\/revisions\/10348"}],"wp:featuredmedia":[{"embeddable":true,"href":"https:\/\/revistaempresarios.net\/web\/wp-json\/wp\/v2\/media\/10347"}],"wp:attachment":[{"href":"https:\/\/revistaempresarios.net\/web\/wp-json\/wp\/v2\/media?parent=10346"}],"wp:term":[{"taxonomy":"category","embeddable":true,"href":"https:\/\/revistaempresarios.net\/web\/wp-json\/wp\/v2\/categories?post=10346"},{"taxonomy":"post_tag","embeddable":true,"href":"https:\/\/revistaempresarios.net\/web\/wp-json\/wp\/v2\/tags?post=10346"}],"curies":[{"name":"wp","href":"https:\/\/api.w.org\/{rel}","templated":true}]}}