{"id":10343,"date":"2023-06-27T22:17:20","date_gmt":"2023-06-28T01:17:20","guid":{"rendered":"https:\/\/revistaempresarios.net\/web\/?p=10343"},"modified":"2023-06-27T22:17:20","modified_gmt":"2023-06-28T01:17:20","slug":"fcb-brasil-reforca-midia-e-marcas-e-negocios","status":"publish","type":"post","link":"https:\/\/revistaempresarios.net\/web\/2023\/06\/27\/fcb-brasil-reforca-midia-e-marcas-e-negocios\/","title":{"rendered":"FCB Brasil refor\u00e7a M\u00eddia e Marcas e Neg\u00f3cios"},"content":{"rendered":"<article class=\"post-71436 post type-post status-publish format-standard has-post-thumbnail hentry category-termometro tag-contratacao tag-fcb-brasil\">\n<div class=\"simple-text size-4 tt-content title-droid margin-big\">\n<p class=\"m_970513741412045187s11\"><span class=\"m_970513741412045187s10\">A FCB Brasil<\/span><span class=\"m_970513741412045187apple-converted-space\">\u00a0<\/span><span class=\"m_970513741412045187s10\">contrata Fabio Concei\u00e7\u00e3o (ex-VML, Ogilvy, Publicis) e Valentina<\/span><span class=\"m_970513741412045187apple-converted-space\">\u00a0<\/span><span class=\"m_970513741412045187s10\">Ursini (ex-Leo Burnett, Ogilvy e TBWA)\u00a0<\/span><span class=\"m_970513741412045187apple-converted-space\">\u00a0<\/span><span class=\"m_970513741412045187s10\">como gerente de M\u00eddia e diretora de Marcas e Neg\u00f3cios, respectivamente.<\/span><span class=\"m_970513741412045187apple-converted-space\">\u00a0<\/span><span class=\"m_970513741412045187s10\">Os profissionais v\u00e3o atuar no time respons\u00e1vel pela conta Brasil e LATAM de Kimberly-Clark.<\/span><span class=\"m_970513741412045187apple-converted-space\">\u00a0<\/span><u><\/u><u><\/u><\/p>\n<p>&nbsp;<\/p>\n<\/div>\n<\/article>\n","protected":false},"excerpt":{"rendered":"<p>A FCB Brasil\u00a0contrata Fabio Concei\u00e7\u00e3o (ex-VML, Ogilvy, Publicis) e Valentina\u00a0Ursini (ex-Leo Burnett, Ogilvy e TBWA)\u00a0\u00a0como gerente de M\u00eddia e diretora de Marcas e Neg\u00f3cios, respectivamente.\u00a0Os profissionais v\u00e3o atuar no time respons\u00e1vel pela conta Brasil e LATAM de Kimberly-Clark.\u00a0 &nbsp;<\/p>\n","protected":false},"author":2,"featured_media":10344,"comment_status":"open","ping_status":"open","sticky":false,"template":"","format":"standard","meta":{"_jetpack_memberships_contains_paid_content":false,"footnotes":""},"categories":[49,51,57,60],"tags":[7794],"featured_image_src":{"landsacpe":["https:\/\/revistaempresarios.net\/web\/wp-content\/uploads\/2023\/06\/image007-820x394-1.png",820,394,false],"list":["https:\/\/revistaempresarios.net\/web\/wp-content\/uploads\/2023\/06\/image007-820x394-1-463x348.png",463,348,true],"medium":["https:\/\/revistaempresarios.net\/web\/wp-content\/uploads\/2023\/06\/image007-820x394-1-300x144.png",300,144,true],"full":["https:\/\/revistaempresarios.net\/web\/wp-content\/uploads\/2023\/06\/image007-820x394-1.png",820,394,false]},"jetpack_sharing_enabled":true,"jetpack_featured_media_url":"https:\/\/revistaempresarios.net\/web\/wp-content\/uploads\/2023\/06\/image007-820x394-1.png","jetpack-related-posts":[],"_links":{"self":[{"href":"https:\/\/revistaempresarios.net\/web\/wp-json\/wp\/v2\/posts\/10343"}],"collection":[{"href":"https:\/\/revistaempresarios.net\/web\/wp-json\/wp\/v2\/posts"}],"about":[{"href":"https:\/\/revistaempresarios.net\/web\/wp-json\/wp\/v2\/types\/post"}],"author":[{"embeddable":true,"href":"https:\/\/revistaempresarios.net\/web\/wp-json\/wp\/v2\/users\/2"}],"replies":[{"embeddable":true,"href":"https:\/\/revistaempresarios.net\/web\/wp-json\/wp\/v2\/comments?post=10343"}],"version-history":[{"count":1,"href":"https:\/\/revistaempresarios.net\/web\/wp-json\/wp\/v2\/posts\/10343\/revisions"}],"predecessor-version":[{"id":10345,"href":"https:\/\/revistaempresarios.net\/web\/wp-json\/wp\/v2\/posts\/10343\/revisions\/10345"}],"wp:featuredmedia":[{"embeddable":true,"href":"https:\/\/revistaempresarios.net\/web\/wp-json\/wp\/v2\/media\/10344"}],"wp:attachment":[{"href":"https:\/\/revistaempresarios.net\/web\/wp-json\/wp\/v2\/media?parent=10343"}],"wp:term":[{"taxonomy":"category","embeddable":true,"href":"https:\/\/revistaempresarios.net\/web\/wp-json\/wp\/v2\/categories?post=10343"},{"taxonomy":"post_tag","embeddable":true,"href":"https:\/\/revistaempresarios.net\/web\/wp-json\/wp\/v2\/tags?post=10343"}],"curies":[{"name":"wp","href":"https:\/\/api.w.org\/{rel}","templated":true}]}}