{"id":10330,"date":"2023-06-27T18:12:25","date_gmt":"2023-06-27T21:12:25","guid":{"rendered":"https:\/\/revistaempresarios.net\/web\/?p=10330"},"modified":"2023-06-27T18:12:25","modified_gmt":"2023-06-27T21:12:25","slug":"cooperativas-da-unicred-central-multirregional-celebram-o-dia-c-com-acoes-de-responsabilidade-social-e-ambiental","status":"publish","type":"post","link":"https:\/\/revistaempresarios.net\/web\/2023\/06\/27\/cooperativas-da-unicred-central-multirregional-celebram-o-dia-c-com-acoes-de-responsabilidade-social-e-ambiental\/","title":{"rendered":"Cooperativas da Unicred Central Multirregional celebram o Dia C com a\u00e7\u00f5es de responsabilidade social e ambiental"},"content":{"rendered":"<p>Como forma de estimular a coopera\u00e7\u00e3o, haver\u00e1 distribui\u00e7\u00e3o de mudas de hortali\u00e7as e plantas nativas, recolhimento de material recicl\u00e1vel e medidas sustent\u00e1veis<\/p>\n<p>Em comemora\u00e7\u00e3o ao Dia C: Dia de Cooperar, vinculado ao Dia Internacional do Cooperativismo, neste s\u00e1bado, dia 1\u00ba de julho, as cooperativas da Unicred Central Multirregional ir\u00e3o promover a\u00e7\u00f5es de responsabilidade social e sustentabilidade. O intuito \u00e9 estimular o voluntariado, solidariedade, uni\u00e3o e a import\u00e2ncia sobre o ato de cooperar que, juntos, proporcionam um mundo melhor para se viver.<\/p>\n<p>O Dia C \u00e9 um programa de responsabilidade social do cooperativismo, liderado pela Organiza\u00e7\u00e3o das Cooperativas Brasileiras (OCB), cujo foco principal \u00e9 o incentivo ao voluntariado.<\/p>\n<p>Os preparativos para a data est\u00e3o a todo vapor. O s\u00e1bado, dia 1\u00ba, ser\u00e1 marcado por v\u00e1rias iniciativas. Na singular Unicred Sul de Minas, juntamente com outras cooperativas da cidade, haver\u00e1 distribui\u00e7\u00e3o de mudas de hortali\u00e7as na Pra\u00e7a da Fonte, das 9h \u00e0s 13h, em Varginha (MG). Al\u00e9m disso, haver\u00e1 arrecada\u00e7\u00e3o de agasalhos, apresenta\u00e7\u00f5es culturais com dan\u00e7a, capoeira e teatro, distribui\u00e7\u00e3o de pipoca, algod\u00e3o doce, cachorro-quente e guaran\u00e1. As crian\u00e7as v\u00e3o se divertir com brinquedos e ir\u00e3o confeccionar cofrinhos. Ser\u00e3o distribu\u00eddos, ainda, kits de higiene bucal. Tamb\u00e9m ser\u00e1 realizada gincana de educa\u00e7\u00e3o financeira.<\/p>\n<p>J\u00e1 a Unicred Alian\u00e7a ir\u00e1 doar mudas de plantas nativas da regi\u00e3o, em parceria com a Secretaria do Meio Ambiente, Secretaria de Educa\u00e7\u00e3o e Pol\u00edcia do Meio Ambiente de Bom Despacho (MG). O evento acontecer\u00e1, das 9h \u00e0s 12h, na pra\u00e7a do Ros\u00e1rio. Tamb\u00e9m como forma de estimular o uso de energias renov\u00e1veis, a Unicred Alian\u00e7a utiliza solu\u00e7\u00f5es sustent\u00e1veis para redu\u00e7\u00e3o de energia nas ag\u00eancias de Governador Valadares (MG) e na ag\u00eancia do \u00d3rion Business &amp; Health Complex, em Goi\u00e2nia (GO). Outra iniciativa adotada \u00e9 o n\u00e3o uso de copos descart\u00e1veis na unidade administrativa e na ag\u00eancia sede.<\/p>\n<p>Na cooperativa Unicred Sudoeste da Bahia ser\u00e1 instalado um ponto de arrecada\u00e7\u00e3o de materiais recicl\u00e1veis na cidade de Vit\u00f3ria da Conquista (BA). O coletor ficar\u00e1 dispon\u00edvel em local de f\u00e1cil acesso para que colaboradores, cooperados e comunidade possam participar do cooperativismo.<\/p>\n<p>A Unicred Evolu\u00e7\u00e3o, tamb\u00e9m em um ato de intercoopera\u00e7\u00e3o com v\u00e1rias cooperativas, distribuir\u00e1 mudas de plantas nativas na Orla da Lagoa Grande, em Patos de Minas (MG). Est\u00e1 sendo realizada tamb\u00e9m uma campanha de doa\u00e7\u00e3o de sangue \u00e0 Hemominas da cidade. Outro incentivo \u00e9 o apoio a um passeio cicl\u00edstico em prol do Hospital do C\u00e2ncer de Patroc\u00ednio (MG). Al\u00e9m disso, ser\u00e1 entregue uma obra de assist\u00eancia social em S\u00e3o Sebasti\u00e3o do Para\u00edso (MG).<\/p>\n<p>A Unicred Progresso vai direcionar suas a\u00e7\u00f5es para o lado social, com doa\u00e7\u00e3o de fraldas para hospital de c\u00e2ncer de Uberaba (MG).<\/p>\n<p>\u201cEstas a\u00e7\u00f5es t\u00eam como objetivo promover e estimular a integra\u00e7\u00e3o das a\u00e7\u00f5es volunt\u00e1rias por parte das cooperativas e da popula\u00e7\u00e3o. \u00c9 importante essa mobiliza\u00e7\u00e3o de volunt\u00e1rios em prol das transforma\u00e7\u00f5es sociais. E a Unicred tem essa responsabilidade em seu DNA\u201d, diz Carolina Ramos, diretora-superintendente da Unicred Central Multirregional.<\/p>\n<p>Como forma de contribuir com a preserva\u00e7\u00e3o do meio ambiente, muitas cooperativas do sistema Unicred adotam l\u00e2mpadas de LED econ\u00f4micas, envelopes feitos a partir de papel reciclado, redu\u00e7\u00e3o do uso de copos pl\u00e1sticos, constru\u00e7\u00e3o de ag\u00eancias com economia de energia el\u00e9trica e incentivo ao plantio por meio de sementes distribu\u00eddas nos brindes.<\/p>\n<p>De acordo com a executiva, a Unicred sempre teve como um de seus objetivos a sustentabilidade ambiental. Entre os seus produtos, est\u00e3o as linhas de cr\u00e9dito para energia fotovoltaica, dispon\u00edveis aos cooperados Pessoa F\u00edsica (PF) e Pessoa Jur\u00eddica (PJ), para ajudar na implementa\u00e7\u00e3o de energias renov\u00e1veis. \u201cO cooperativismo \u00e9 essencial na constru\u00e7\u00e3o de um futuro mais sustent\u00e1vel, ao se relacionar com princ\u00edpios de equidade, responsabilidade social e preocupa\u00e7\u00e3o com o meio ambiente\u201d, explicou.<\/p>\n<p><strong>Cooperativismo<\/strong><\/p>\n<p>Em rela\u00e7\u00e3o ao \u201cDia C\u201d, Carolina Ramos destaca o importante papel do cooperativismo que promove trabalho, renda e prosperidade para as comunidades locais. \u201cAl\u00e9m disso, as cooperativas proporcionam o desenvolvimento das cidades onde est\u00e3o instaladas por meio de v\u00e1rias a\u00e7\u00f5es e gera\u00e7\u00e3o de empregos\u201d.<\/p>\n<p>A diretora tamb\u00e9m refor\u00e7a que uma das vantagens de integrar \u00e0 cooperativa \u00e9 que todos os associados s\u00e3o donos do neg\u00f3cio e participam das decis\u00f5es e dos resultados ao final do exerc\u00edcio. Ela lembra, ainda, que os sete princ\u00edpios do cooperativismo s\u00e3o rotina e respaldo para implementa\u00e7\u00e3o de suas estrat\u00e9gias. S\u00e3o eles: ades\u00e3o livre e volunt\u00e1ria, gest\u00e3o democr\u00e1tica, participa\u00e7\u00e3o econ\u00f4mica, autonomia e independ\u00eancia, educa\u00e7\u00e3o, forma\u00e7\u00e3o e informa\u00e7\u00e3o, intercoopera\u00e7\u00e3o e interesse pela comunidade.<\/p>\n<p><strong>Sobre a Unicred &#8211; A Unicred \u00e9 uma institui\u00e7\u00e3o financeira cooperativa cujo objetivo \u00e9 fornecer cr\u00e9dito e prestar servi\u00e7os aos seus cooperados. Conta, atualmente, com quatro centrais, 30 cooperativas, 356 unidades de neg\u00f3cios e mais de 277 mil cooperados, al\u00e9m de uma Confedera\u00e7\u00e3o Nacional &#8211; Unicred do Brasil. Uma das centrais \u00e9 a Unicred Central Multirregional, com sede em Belo Horizonte, que possui 10 singulares, 113 pontos de atendimento e est\u00e1 presente nos estados de Minas Gerais, Esp\u00edrito Santo, Bahia, Goi\u00e1s, S\u00e3o Paulo, Para\u00edba, Pernambuco, Alagoas, Cear\u00e1 e Maranh\u00e3o, al\u00e9m do Distrito Federal.<\/strong><\/p>\n<p>&nbsp;<\/p>\n","protected":false},"excerpt":{"rendered":"<p>Como forma de estimular a coopera\u00e7\u00e3o, haver\u00e1 distribui\u00e7\u00e3o de mudas de hortali\u00e7as e plantas nativas, recolhimento de material recicl\u00e1vel e medidas sustent\u00e1veis Em comemora\u00e7\u00e3o ao Dia C: Dia de Cooperar, vinculado ao Dia Internacional do Cooperativismo, neste s\u00e1bado, dia 1\u00ba de julho, as cooperativas da Unicred Central Multirregional ir\u00e3o promover a\u00e7\u00f5es de responsabilidade social e [&hellip;]<\/p>\n","protected":false},"author":2,"featured_media":10331,"comment_status":"open","ping_status":"open","sticky":false,"template":"","format":"standard","meta":{"_jetpack_memberships_contains_paid_content":false,"footnotes":""},"categories":[51,54,56,58,60],"tags":[7790],"featured_image_src":{"landsacpe":["https:\/\/revistaempresarios.net\/web\/wp-content\/uploads\/2023\/06\/Unicred-Regiao-dos-Vales-1140x445.webp",1140,445,true],"list":["https:\/\/revistaempresarios.net\/web\/wp-content\/uploads\/2023\/06\/Unicred-Regiao-dos-Vales-463x348.webp",463,348,true],"medium":["https:\/\/revistaempresarios.net\/web\/wp-content\/uploads\/2023\/06\/Unicred-Regiao-dos-Vales-300x200.webp",300,200,true],"full":["https:\/\/revistaempresarios.net\/web\/wp-content\/uploads\/2023\/06\/Unicred-Regiao-dos-Vales.webp",2500,1669,false]},"jetpack_sharing_enabled":true,"jetpack_featured_media_url":"https:\/\/revistaempresarios.net\/web\/wp-content\/uploads\/2023\/06\/Unicred-Regiao-dos-Vales.webp","jetpack-related-posts":[],"_links":{"self":[{"href":"https:\/\/revistaempresarios.net\/web\/wp-json\/wp\/v2\/posts\/10330"}],"collection":[{"href":"https:\/\/revistaempresarios.net\/web\/wp-json\/wp\/v2\/posts"}],"about":[{"href":"https:\/\/revistaempresarios.net\/web\/wp-json\/wp\/v2\/types\/post"}],"author":[{"embeddable":true,"href":"https:\/\/revistaempresarios.net\/web\/wp-json\/wp\/v2\/users\/2"}],"replies":[{"embeddable":true,"href":"https:\/\/revistaempresarios.net\/web\/wp-json\/wp\/v2\/comments?post=10330"}],"version-history":[{"count":1,"href":"https:\/\/revistaempresarios.net\/web\/wp-json\/wp\/v2\/posts\/10330\/revisions"}],"predecessor-version":[{"id":10332,"href":"https:\/\/revistaempresarios.net\/web\/wp-json\/wp\/v2\/posts\/10330\/revisions\/10332"}],"wp:featuredmedia":[{"embeddable":true,"href":"https:\/\/revistaempresarios.net\/web\/wp-json\/wp\/v2\/media\/10331"}],"wp:attachment":[{"href":"https:\/\/revistaempresarios.net\/web\/wp-json\/wp\/v2\/media?parent=10330"}],"wp:term":[{"taxonomy":"category","embeddable":true,"href":"https:\/\/revistaempresarios.net\/web\/wp-json\/wp\/v2\/categories?post=10330"},{"taxonomy":"post_tag","embeddable":true,"href":"https:\/\/revistaempresarios.net\/web\/wp-json\/wp\/v2\/tags?post=10330"}],"curies":[{"name":"wp","href":"https:\/\/api.w.org\/{rel}","templated":true}]}}