{"id":10272,"date":"2023-06-26T15:39:10","date_gmt":"2023-06-26T18:39:10","guid":{"rendered":"https:\/\/revistaempresarios.net\/web\/?p=10272"},"modified":"2023-06-26T15:39:10","modified_gmt":"2023-06-26T18:39:10","slug":"evento-apple-sera-que-agora-os-mundos-digital-e-fisico-evoluirao-por-luiz-alexandre-castanha-administrador-de-empresas-com-especializacao-em-gestao-de-conhecimento-e-storytelling-aplicado-a-edu","status":"publish","type":"post","link":"https:\/\/revistaempresarios.net\/web\/2023\/06\/26\/evento-apple-sera-que-agora-os-mundos-digital-e-fisico-evoluirao-por-luiz-alexandre-castanha-administrador-de-empresas-com-especializacao-em-gestao-de-conhecimento-e-storytelling-aplicado-a-edu\/","title":{"rendered":"Evento Apple: Ser\u00e1 que agora os mundos digital e f\u00edsico evoluir\u00e3o? &#8211; Por : Luiz Alexandre Castanha, administrador de empresas com especializa\u00e7\u00e3o em gest\u00e3o de conhecimento e storytelling aplicado \u00e0 educa\u00e7\u00e3o, coautor do livro \u201cOlhares para os Sistemas\u201d e \u00e9 CEO da NextGen Learning."},"content":{"rendered":"<p>Ap\u00f3s alguns anos de atrasos em compara\u00e7\u00e3o aos lan\u00e7amentos realizados por outras big techs como Google e Microsoft, a Apple deu sua primeira chance aos headsets tecnol\u00f3gicos com o lan\u00e7amento recente do Apple Vision Pro. O in\u00edcio das vendas est\u00e1 marcado para o come\u00e7o de 2024 no mercado americano, sendo expandido para outros pa\u00edses at\u00e9 o final do ano.<\/p>\n<p>A maioria dos equipamentos lan\u00e7ados na \u00faltima d\u00e9cada, como o Meta Quest e o HTC Vive, s\u00e3o headsets de Realidade Virtual que incluem algumas c\u00e2meras capazes de oferecer uma experi\u00eancia de baixa qualidade. J\u00e1 o Quest Pro mostra o mundo ao seu redor, mas suas c\u00e2meras tamb\u00e9m n\u00e3o t\u00eam boa performance e experi\u00eancia.<\/p>\n<p>Se o Vision Pro realmente funcionar como no v\u00eddeo de demonstra\u00e7\u00e3o mostrado durante a Confer\u00eancia Mundial de Desenvolvedores da Apple, isso representaria uma melhoria significativa em rela\u00e7\u00e3o \u00e0 gera\u00e7\u00e3o atual da tecnologia.<\/p>\n<p>E o que esse lan\u00e7amento promete mudar tanto na vida cotidiana como na tecnologia educacional? Muito! O seu potencial \u00e9 gigantesco, j\u00e1 que o Vision Pro \u00e9 um dispositivo projetado para fundir os mundos digital e f\u00edsico.<\/p>\n<p>Essa ferramenta promete revolucionar o ensino, apresentando uma maneira inovadora, interativa e envolvente dos alunos experimentarem novas possibilidades. Ela usa algoritmos avan\u00e7ados para analisar o mundo real e sobrepor informa\u00e7\u00f5es virtuais, o que cria uma experi\u00eancia perfeita para o usu\u00e1rio, facilitando a intera\u00e7\u00e3o com o mundo virtual.<\/p>\n<p>O dispositivo tamb\u00e9m possui um processador generoso e uma tela de alta resolu\u00e7\u00e3o, o que garante que as informa\u00e7\u00f5es virtuais sejam exibidas em alta qualidade. Outra caracter\u00edstica importante \u00e9 sua facilidade de uso.<\/p>\n<p>O Apple Vision Pro utiliza uma combina\u00e7\u00e3o \u00fanica de tecnologias de Realidade Virtual, Realidade Mista e Realidade Aumentada com Intelig\u00eancia Artificial para oferecer um ambiente de aprendizagem imersivo e tridimensional.<\/p>\n<p>O dispositivo foi projetado para ser intuitivo e f\u00e1cil de usar, facilitando o uso por qualquer pessoa. Ele tamb\u00e9m \u00e9 leve e confort\u00e1vel de usar, o que significa que os usu\u00e1rios podem us\u00e1-lo por longos per\u00edodos sem sentir desconforto.<\/p>\n<p>Os recursos avan\u00e7ados do dispositivo, como um sistema de exibi\u00e7\u00e3o de alta resolu\u00e7\u00e3o, entrada controlada pelos olhos, m\u00e3o e voz e suporte para o novo sistema operacional visionOS aprimoram o espa\u00e7o de aprendizado, indo al\u00e9m dos limites tradicionais de exibi\u00e7\u00e3o.<\/p>\n<p>Equipado com resolu\u00e7\u00e3o extraordin\u00e1ria e um sistema de \u00e1udio espacial, permite que os alunos mergulhem em conte\u00fados educacionais interativos. Essa forma de aprendizado imersivo e experimental tem o potencial de aumentar significativamente a compreens\u00e3o e a reten\u00e7\u00e3o dos alunos.<\/p>\n<p>O resultado \u00e9 um aprendizado mais envolvente e inesquec\u00edvel, permitindo que os alunos \u201cvivam\u201d o conte\u00fado. Imagine uma aula de Hist\u00f3ria em que seja poss\u00edvel percorrer eventos hist\u00f3ricos, uma aula de Ci\u00eancias em que se possa interagir com \u00e1tomos e mol\u00e9culas ou uma cirurgia realizada em um beb\u00ea antes mesmo dele nascer.<\/p>\n<p>Segundo Tim Cook, CEO da Apple, o Vision Pro representa \u201cuma plataforma de computa\u00e7\u00e3o espacial inteiramente nova&#8221;, comparando seu lan\u00e7amento ao do Macintosh e do iPhone.<\/p>\n<p>E a mensagem da mensagem da Apple \u00e9 clara: depois da computa\u00e7\u00e3o m\u00f3vel e dos desktops, a pr\u00f3xima grande era da tecnologia ser\u00e1 a computa\u00e7\u00e3o espacial com seus gadgets unindo os mundos virtual e f\u00edsico em uma \u00fanica realidade.<\/p>\n<p>Chega de equipamentos desajeitados, avatares sem pernas e antissociais. A pr\u00f3xima era capitaneada pela Apple ser\u00e1 de gestos simples, olhares decisivos e uma m\u00e1gica capaz de revolucionar o ensino!<\/p>\n","protected":false},"excerpt":{"rendered":"<p>Ap\u00f3s alguns anos de atrasos em compara\u00e7\u00e3o aos lan\u00e7amentos realizados por outras big techs como Google e Microsoft, a Apple deu sua primeira chance aos headsets tecnol\u00f3gicos com o lan\u00e7amento recente do Apple Vision Pro. O in\u00edcio das vendas est\u00e1 marcado para o come\u00e7o de 2024 no mercado americano, sendo expandido para outros pa\u00edses at\u00e9 [&hellip;]<\/p>\n","protected":false},"author":2,"featured_media":10273,"comment_status":"open","ping_status":"open","sticky":false,"template":"","format":"standard","meta":{"_jetpack_memberships_contains_paid_content":false,"footnotes":""},"categories":[51],"tags":[453,6916,7766],"featured_image_src":{"landsacpe":["https:\/\/revistaempresarios.net\/web\/wp-content\/uploads\/2023\/06\/Luiz-Alexandre-Castanha-e-especialista-em-Gestao-de-Conhecimento-e-Tecnologias-Educacionais-1024x445.jpg",1024,445,true],"list":["https:\/\/revistaempresarios.net\/web\/wp-content\/uploads\/2023\/06\/Luiz-Alexandre-Castanha-e-especialista-em-Gestao-de-Conhecimento-e-Tecnologias-Educacionais-463x348.jpg",463,348,true],"medium":["https:\/\/revistaempresarios.net\/web\/wp-content\/uploads\/2023\/06\/Luiz-Alexandre-Castanha-e-especialista-em-Gestao-de-Conhecimento-e-Tecnologias-Educacionais-300x200.jpg",300,200,true],"full":["https:\/\/revistaempresarios.net\/web\/wp-content\/uploads\/2023\/06\/Luiz-Alexandre-Castanha-e-especialista-em-Gestao-de-Conhecimento-e-Tecnologias-Educacionais.jpg",1024,683,false]},"jetpack_sharing_enabled":true,"jetpack_featured_media_url":"https:\/\/revistaempresarios.net\/web\/wp-content\/uploads\/2023\/06\/Luiz-Alexandre-Castanha-e-especialista-em-Gestao-de-Conhecimento-e-Tecnologias-Educacionais.jpg","jetpack-related-posts":[],"_links":{"self":[{"href":"https:\/\/revistaempresarios.net\/web\/wp-json\/wp\/v2\/posts\/10272"}],"collection":[{"href":"https:\/\/revistaempresarios.net\/web\/wp-json\/wp\/v2\/posts"}],"about":[{"href":"https:\/\/revistaempresarios.net\/web\/wp-json\/wp\/v2\/types\/post"}],"author":[{"embeddable":true,"href":"https:\/\/revistaempresarios.net\/web\/wp-json\/wp\/v2\/users\/2"}],"replies":[{"embeddable":true,"href":"https:\/\/revistaempresarios.net\/web\/wp-json\/wp\/v2\/comments?post=10272"}],"version-history":[{"count":1,"href":"https:\/\/revistaempresarios.net\/web\/wp-json\/wp\/v2\/posts\/10272\/revisions"}],"predecessor-version":[{"id":10274,"href":"https:\/\/revistaempresarios.net\/web\/wp-json\/wp\/v2\/posts\/10272\/revisions\/10274"}],"wp:featuredmedia":[{"embeddable":true,"href":"https:\/\/revistaempresarios.net\/web\/wp-json\/wp\/v2\/media\/10273"}],"wp:attachment":[{"href":"https:\/\/revistaempresarios.net\/web\/wp-json\/wp\/v2\/media?parent=10272"}],"wp:term":[{"taxonomy":"category","embeddable":true,"href":"https:\/\/revistaempresarios.net\/web\/wp-json\/wp\/v2\/categories?post=10272"},{"taxonomy":"post_tag","embeddable":true,"href":"https:\/\/revistaempresarios.net\/web\/wp-json\/wp\/v2\/tags?post=10272"}],"curies":[{"name":"wp","href":"https:\/\/api.w.org\/{rel}","templated":true}]}}