{"id":10196,"date":"2023-06-24T21:09:37","date_gmt":"2023-06-25T00:09:37","guid":{"rendered":"https:\/\/revistaempresarios.net\/web\/?p=10196"},"modified":"2023-06-24T21:09:37","modified_gmt":"2023-06-25T00:09:37","slug":"sao-paulo-e-palco-da-cob-expo-a-primeira-feira-de-esportes-olimpicos-no-mundo","status":"publish","type":"post","link":"https:\/\/revistaempresarios.net\/web\/2023\/06\/24\/sao-paulo-e-palco-da-cob-expo-a-primeira-feira-de-esportes-olimpicos-no-mundo\/","title":{"rendered":"S\u00e3o Paulo \u00e9 palco da COB EXPO, a primeira feira de esportes ol\u00edmpicos no mundo"},"content":{"rendered":"<p class=\"fst-italic text-center\">Evento que re\u00fane todos os esportes ocorre em Setembro<\/p>\n<div>\n<p>A COB EXPO vai acontecer no m\u00eas de setembro, na cidade de S\u00e3o Paulo. Al\u00e9m de contar com diversos palestrantes, o encontro j\u00e1 tem alguns parceiros confirmados, que ir\u00e3o buscar visibilidade e novos neg\u00f3cios, j\u00e1 que o espa\u00e7o contar\u00e1 com aten\u00e7\u00e3o de todos os setores do esporte brasileiro.<\/p>\n<p>A feira est\u00e1 confirmada entre os dias 25 e 29 de setembro, no Centro de Evento Pro Magno, localizado na zona norte da cidade paulista.<\/p>\n<p>Realizada pela Ag\u00eancia EA, que expandiu o projeto para al\u00e9m dos gramados e tem o objetivo de levar ao p\u00fablico toda emo\u00e7\u00e3o que envolve os esportes ol\u00edmpicos, al\u00e9m de evidenciar a import\u00e2ncia deles para o desenvolvimento social e econ\u00f4mico do pa\u00eds.<\/p>\n<p>Os parceiros j\u00e1 confirmados do evento s\u00e3o Recoma, Riplay, Imply, Henko, StarFit, Altipisos e Playpisos.<\/p>\n<p>\u201cA COB Expo \u00e9 o ponto de encontro de todos os esportes. Nos 5 dias do evento ser\u00e1 poss\u00edvel aprender sobre diversos temas, al\u00e9m do futuro do esporte atrav\u00e9s de cases de sucesso apresentados por grandes atletas e empres\u00e1rios, vivenciar diversas modalidades e fazer neg\u00f3cios com os grandes nomes da ind\u00fastria esportiva\u201d, fala Ricardo Azeredo, diretor comercial do evento, que completa.<\/p>\n<p>\u201cO COB Expo \u00e9 um evento plural que ir\u00e1 estimular o esporte atrav\u00e9s da informa\u00e7\u00e3o, experi\u00eancia e neg\u00f3cios\u201d.<\/p>\n<p><strong>Sobre a Ag\u00eancia EA:<\/strong><\/p>\n<p>Com mais de 20 anos na \u00e1rea de eventos esportivos, a ag\u00eancia foi respons\u00e1vel pela realiza\u00e7\u00e3o das 2 edi\u00e7\u00f5es da Brasil Futebol Expo, a maior feira de futebol da Am\u00e9rica Latina. Evento que se consolidou no mercado esportivo do Brasil e Am\u00e9rica Latina. Na edi\u00e7\u00e3o de 2022, mais de 50 mil pessoas percorreram os corredores da feira, adquirindo conhecimento e experi\u00eancias \u00fanicas.<\/p>\n<p><strong>COB EXPO:<\/strong><\/p>\n<p>A\u00a0<strong>COB EXPO\u00a0<\/strong>se apresenta como a primeira iniciativa do movimento ol\u00edmpico que une em um mesmo espa\u00e7o, gestores, atletas, ex-atletas, ind\u00fastria, praticantes e f\u00e3s do esporte impulsionando todas as modalidades.<\/p>\n<p>\u00c9 o 1\u00ba parque tem\u00e1tico esportivo que propiciar\u00e1 experi\u00eancias, relacionamento, educa\u00e7\u00e3o, performance e neg\u00f3cios.\u00a0Ao todo no evento ser\u00e3o mais de 100 expositores e parceiros proporcionando ativa\u00e7\u00f5es para o p\u00fablico.<\/p>\n<p>Ser\u00e3o 5 dias com muitas atividades, cl\u00ednicas esportivas, competi\u00e7\u00f5es em diversas modalidades, cursos, oportunidades de neg\u00f3cios, al\u00e9m de contar com a presen\u00e7a de grandes nomes do esporte em um momento \u00fanico de celebra\u00e7\u00e3o e transpira\u00e7\u00e3o, que colocar\u00e1 o esporte e os atletas brasileiros no lugar mais alto do p\u00f3dio.<\/p>\n<p>Ao todo no evento ser\u00e3o mais de 100 expositores e parceiros proporcionando ativa\u00e7\u00f5es para o p\u00fablico. As empresas interessadas em ter um espa\u00e7o nesse grande evento podem entrar em contato atrav\u00e9s do site\u00a0<u><a href=\"https:\/\/cobexpo.com.br\/\">https:\/\/cobexpo.com.br\/\u00a0<\/a><\/u><\/p>\n<\/div>\n","protected":false},"excerpt":{"rendered":"<p>Evento que re\u00fane todos os esportes ocorre em Setembro A COB EXPO vai acontecer no m\u00eas de setembro, na cidade de S\u00e3o Paulo. Al\u00e9m de contar com diversos palestrantes, o encontro j\u00e1 tem alguns parceiros confirmados, que ir\u00e3o buscar visibilidade e novos neg\u00f3cios, j\u00e1 que o espa\u00e7o contar\u00e1 com aten\u00e7\u00e3o de todos os setores do [&hellip;]<\/p>\n","protected":false},"author":2,"featured_media":10197,"comment_status":"open","ping_status":"open","sticky":false,"template":"","format":"standard","meta":{"_jetpack_memberships_contains_paid_content":false,"footnotes":""},"categories":[51,58,60],"tags":[7738,7737],"featured_image_src":{"landsacpe":["https:\/\/revistaempresarios.net\/web\/wp-content\/uploads\/2023\/06\/COB-Expo.jpg",550,349,false],"list":["https:\/\/revistaempresarios.net\/web\/wp-content\/uploads\/2023\/06\/COB-Expo-463x348.jpg",463,348,true],"medium":["https:\/\/revistaempresarios.net\/web\/wp-content\/uploads\/2023\/06\/COB-Expo-300x190.jpg",300,190,true],"full":["https:\/\/revistaempresarios.net\/web\/wp-content\/uploads\/2023\/06\/COB-Expo.jpg",550,349,false]},"jetpack_sharing_enabled":true,"jetpack_featured_media_url":"https:\/\/revistaempresarios.net\/web\/wp-content\/uploads\/2023\/06\/COB-Expo.jpg","jetpack-related-posts":[],"_links":{"self":[{"href":"https:\/\/revistaempresarios.net\/web\/wp-json\/wp\/v2\/posts\/10196"}],"collection":[{"href":"https:\/\/revistaempresarios.net\/web\/wp-json\/wp\/v2\/posts"}],"about":[{"href":"https:\/\/revistaempresarios.net\/web\/wp-json\/wp\/v2\/types\/post"}],"author":[{"embeddable":true,"href":"https:\/\/revistaempresarios.net\/web\/wp-json\/wp\/v2\/users\/2"}],"replies":[{"embeddable":true,"href":"https:\/\/revistaempresarios.net\/web\/wp-json\/wp\/v2\/comments?post=10196"}],"version-history":[{"count":1,"href":"https:\/\/revistaempresarios.net\/web\/wp-json\/wp\/v2\/posts\/10196\/revisions"}],"predecessor-version":[{"id":10198,"href":"https:\/\/revistaempresarios.net\/web\/wp-json\/wp\/v2\/posts\/10196\/revisions\/10198"}],"wp:featuredmedia":[{"embeddable":true,"href":"https:\/\/revistaempresarios.net\/web\/wp-json\/wp\/v2\/media\/10197"}],"wp:attachment":[{"href":"https:\/\/revistaempresarios.net\/web\/wp-json\/wp\/v2\/media?parent=10196"}],"wp:term":[{"taxonomy":"category","embeddable":true,"href":"https:\/\/revistaempresarios.net\/web\/wp-json\/wp\/v2\/categories?post=10196"},{"taxonomy":"post_tag","embeddable":true,"href":"https:\/\/revistaempresarios.net\/web\/wp-json\/wp\/v2\/tags?post=10196"}],"curies":[{"name":"wp","href":"https:\/\/api.w.org\/{rel}","templated":true}]}}