{"id":10173,"date":"2023-06-24T10:52:07","date_gmt":"2023-06-24T13:52:07","guid":{"rendered":"https:\/\/revistaempresarios.net\/web\/?p=10173"},"modified":"2023-06-24T10:52:07","modified_gmt":"2023-06-24T13:52:07","slug":"longevidade-das-empresas-tambem-depende-de-gestao-financeira-e-tributaria-eficiente","status":"publish","type":"post","link":"https:\/\/revistaempresarios.net\/web\/2023\/06\/24\/longevidade-das-empresas-tambem-depende-de-gestao-financeira-e-tributaria-eficiente\/","title":{"rendered":"Longevidade das empresas tamb\u00e9m depende de gest\u00e3o financeira e tribut\u00e1ria eficiente"},"content":{"rendered":"<p class=\"fst-italic text-center\">Especialista em reestrutura\u00e7\u00e3o financeira aponta que maioria s\u00f3 busca ajuda quando os problemas surgem<\/p>\n<div>\n<p>Ao abrir uma empresa e come\u00e7ar as atividades do zero, um empreendedor deve contar com o aux\u00edlio de um profissional especializado, que possa fornecer o suporte necess\u00e1rio para as diversas fases do processo. Al\u00e9m de aliviar o desgaste do empres\u00e1rio, esse cuidado pode, inclusive, evitar que o sonho se transforme em pesadelo, afinal, n\u00e3o basta ter uma ideia validada e for\u00e7a de vontade para prosperar no mundo dos neg\u00f3cios.<\/p>\n<p>Alguns empres\u00e1rios podem simplesmente n\u00e3o estar cientes da import\u00e2ncia ou do valor de contar com ajuda especializada logo na fase inicial. H\u00e1 quem tenha confian\u00e7a excessiva em suas habilidades e conhecimentos, acreditando serem capazes de enfrentar qualquer desafio sem ajuda externa. \u201cEles podem subestimar as dificuldades e as nuances das quest\u00f5es legais, fiscais, financeiras e operacionais envolvidas. N\u00e3o levam em considera\u00e7\u00e3o a complexidade e os riscos envolvidos, e acreditam que podem lidar com tudo por conta pr\u00f3pria. Somente quando surgem problemas, eles percebem a necessidade da assist\u00eancia\u201d, revela a<a href=\"https:\/\/www.instagram.com\/drakelenabreu\/\">\u00a0\u00a0Dra. K\u00e9len Abreu<\/a>, especialista em reestrutura\u00e7\u00e3o financeira.<\/p>\n<p>Em alguns casos, os empres\u00e1rios podem se concentrar excessivamente em outras \u00e1reas do neg\u00f3cio, como desenvolvimento de produtos, marketing ou vendas e negligenciar a import\u00e2ncia de buscar uma assist\u00eancia especializada. \u201cEles podem considerar essas quest\u00f5es como menos urgentes ou menos cr\u00edticas para conquistar o t\u00e3o sonhado sucesso. No entanto, quando surgem os desafios nessas \u00e1reas negligenciadas \u00e9 que se d\u00e3o conta do susto\u201d, aponta a especialista.<\/p>\n<p>Desprezar certos cuidados pode significar ao empreendedor encontrar, futuramente, um \u00e1rduo caminho pela frente. \u201cOs mais comuns s\u00e3o desconhecimento legal, estrutura empresarial e gest\u00e3o financeira inadequadas, problemas fiscais, falta de planejamento estrat\u00e9gico, quest\u00f5es contratuais, entre outros pontos\u201d, alerta.<\/p>\n<p>A gest\u00e3o dos aspectos fiscais envolve entender as obriga\u00e7\u00f5es fiscais, preencher corretamente as declara\u00e7\u00f5es, fazer os pagamentos de impostos adequados e cumprir as regulamenta\u00e7\u00f5es fiscais em constante mudan\u00e7a. \u201cSem o conhecimento correto, podem ocorrer erros graves, resultando em poss\u00edveis lit\u00edgios com as autoridades\u201d, explica\u00a0<a href=\"https:\/\/imprensa.pressmanager.com.br\/@drakelenabreu\">Dra. K\u00e9len<\/a>.<\/p>\n<p>A falta de compreens\u00e3o dos princ\u00edpios cont\u00e1beis, planejamento financeiro e controle de fluxo de caixa pode levar a decis\u00f5es equivocadas e dificuldades de sustentabilidade no longo prazo. A aus\u00eancia de um sistema adequado e registros financeiros precisos pode dificultar o acompanhamento dos lucros e das obriga\u00e7\u00f5es de uma determinada institui\u00e7\u00e3o.<\/p>\n<p>Um profissional especializado pode ajudar a desenvolver um planejamento s\u00f3lido, que servir\u00e1 como um guia estrat\u00e9gico para o empreendedor. Isso inclui realizar an\u00e1lises de mercado, identificar oportunidades, definir metas e estabelecer quais a\u00e7\u00f5es para alcan\u00e7\u00e1-las, evitando erros dispendiosos e minimizando riscos.<\/p>\n<p>A Dra. K\u00e9len avalia que muitos empres\u00e1rios podem ter preocupa\u00e7\u00f5es com os custos associados \u00e0 contrata\u00e7\u00e3o de pessoas capazes de dar esse suporte t\u00e3o necess\u00e1rio. \u201cEles podem tentar poupar dinheiro, inicialmente, optando por n\u00e3o buscar ajuda. No entanto, essa abordagem de economia inicial pode levar a problemas futuros que podem ser mais caros de resolver do que se tivessem buscado orienta\u00e7\u00e3o desde o in\u00edcio\u201d, conclui.<\/p>\n<p><strong>Sobre a Dra. K\u00e9len Abreu<\/strong><\/p>\n<p>Dra. K\u00e9len Abreu \u00e9 especialista em Reestrutura\u00e7\u00e3o Financeira e BPO Financeiro h\u00e1 mais de dez anos, tamb\u00e9m \u00e9 mentora e refer\u00eancia em gest\u00e3o de empresas. Realiza consultorias e treinamentos para formar BPOs Financeiros pelo Brasil. Com experi\u00eancia no Brasil, Estados Unidos e em Angola focada em construir neg\u00f3cios lucrativos. Empreendedora serial, tamb\u00e9m coordena a equipe do Gerente Financeiro Online e Lucros Reais, empresas que prestam servi\u00e7os de BPO Financeiro para diversas empresas de forma totalmente remota. \u00c9 fundadora do Iuli, uma plataforma de gest\u00e3o financeira que d\u00e1 o poder da clareza e simplicidade nas finan\u00e7as e veio para que a planilha financeira seja abandonada para gerenciar os neg\u00f3cios dando seguran\u00e7a e rastreabilidade nos dados.<\/p>\n<p>Tem como miss\u00e3o diminuir a mortalidade das empresas brasileiras atrav\u00e9s do compartilhamento de conhecimento sobre finan\u00e7as, forma\u00e7\u00e3o de mulheres, BPOs e ferramentas para auxiliar a vida do empreendedor.<\/p>\n<p>Al\u00e9m de ser doutora em educa\u00e7\u00e3o, mestre em administra\u00e7\u00e3o estrat\u00e9gica pela UDESC, especialista em BSC, mapeamento de processos e finan\u00e7as, \u00e9 tamb\u00e9m graduada em administra\u00e7\u00e3o pela UFSC.<\/p>\n<p>Para mais informa\u00e7\u00f5es, acesse<a href=\"https:\/\/drakelenabreu.com.br\/\">\u00a0https:\/\/drakelenabreu.com.br\/<\/a>\u00a0ou pelas redes sociais<a href=\"https:\/\/www.instagram.com\/drakelenabreu\/\">\u00a0@drakelenabreu<\/a><\/p>\n<\/div>\n<div class=\"text-center\">\n<div class=\"mt-5\"><\/div>\n<\/div>\n","protected":false},"excerpt":{"rendered":"<p>Especialista em reestrutura\u00e7\u00e3o financeira aponta que maioria s\u00f3 busca ajuda quando os problemas surgem Ao abrir uma empresa e come\u00e7ar as atividades do zero, um empreendedor deve contar com o aux\u00edlio de um profissional especializado, que possa fornecer o suporte necess\u00e1rio para as diversas fases do processo. Al\u00e9m de aliviar o desgaste do empres\u00e1rio, esse [&hellip;]<\/p>\n","protected":false},"author":2,"featured_media":10174,"comment_status":"open","ping_status":"open","sticky":false,"template":"","format":"standard","meta":{"_jetpack_memberships_contains_paid_content":false,"footnotes":""},"categories":[51,54,57,60],"tags":[7725],"featured_image_src":{"landsacpe":["https:\/\/revistaempresarios.net\/web\/wp-content\/uploads\/2023\/06\/Dra.-Kelen-Abreu-especialista-em-reestruturacao-financeira-900x445.jpg",900,445,true],"list":["https:\/\/revistaempresarios.net\/web\/wp-content\/uploads\/2023\/06\/Dra.-Kelen-Abreu-especialista-em-reestruturacao-financeira-463x348.jpg",463,348,true],"medium":["https:\/\/revistaempresarios.net\/web\/wp-content\/uploads\/2023\/06\/Dra.-Kelen-Abreu-especialista-em-reestruturacao-financeira-300x300.jpg",300,300,true],"full":["https:\/\/revistaempresarios.net\/web\/wp-content\/uploads\/2023\/06\/Dra.-Kelen-Abreu-especialista-em-reestruturacao-financeira.jpg",900,900,false]},"jetpack_sharing_enabled":true,"jetpack_featured_media_url":"https:\/\/revistaempresarios.net\/web\/wp-content\/uploads\/2023\/06\/Dra.-Kelen-Abreu-especialista-em-reestruturacao-financeira.jpg","jetpack-related-posts":[],"_links":{"self":[{"href":"https:\/\/revistaempresarios.net\/web\/wp-json\/wp\/v2\/posts\/10173"}],"collection":[{"href":"https:\/\/revistaempresarios.net\/web\/wp-json\/wp\/v2\/posts"}],"about":[{"href":"https:\/\/revistaempresarios.net\/web\/wp-json\/wp\/v2\/types\/post"}],"author":[{"embeddable":true,"href":"https:\/\/revistaempresarios.net\/web\/wp-json\/wp\/v2\/users\/2"}],"replies":[{"embeddable":true,"href":"https:\/\/revistaempresarios.net\/web\/wp-json\/wp\/v2\/comments?post=10173"}],"version-history":[{"count":1,"href":"https:\/\/revistaempresarios.net\/web\/wp-json\/wp\/v2\/posts\/10173\/revisions"}],"predecessor-version":[{"id":10175,"href":"https:\/\/revistaempresarios.net\/web\/wp-json\/wp\/v2\/posts\/10173\/revisions\/10175"}],"wp:featuredmedia":[{"embeddable":true,"href":"https:\/\/revistaempresarios.net\/web\/wp-json\/wp\/v2\/media\/10174"}],"wp:attachment":[{"href":"https:\/\/revistaempresarios.net\/web\/wp-json\/wp\/v2\/media?parent=10173"}],"wp:term":[{"taxonomy":"category","embeddable":true,"href":"https:\/\/revistaempresarios.net\/web\/wp-json\/wp\/v2\/categories?post=10173"},{"taxonomy":"post_tag","embeddable":true,"href":"https:\/\/revistaempresarios.net\/web\/wp-json\/wp\/v2\/tags?post=10173"}],"curies":[{"name":"wp","href":"https:\/\/api.w.org\/{rel}","templated":true}]}}