{"id":10076,"date":"2023-06-22T16:51:39","date_gmt":"2023-06-22T19:51:39","guid":{"rendered":"https:\/\/revistaempresarios.net\/web\/?p=10076"},"modified":"2023-06-22T16:51:39","modified_gmt":"2023-06-22T19:51:39","slug":"economia-colaborativa-e-tema-do-proximo-papo-sebrae-de-financas","status":"publish","type":"post","link":"https:\/\/revistaempresarios.net\/web\/2023\/06\/22\/economia-colaborativa-e-tema-do-proximo-papo-sebrae-de-financas\/","title":{"rendered":"Economia Colaborativa \u00e9 tema do pr\u00f3ximo Papo Sebrae de Finan\u00e7as"},"content":{"rendered":"<p class=\"fst-italic text-center\">Rafael Barbosa, especialista em economia colaborativa e ceo da X por Y, plataforma oficial do Sebrae Nacional, ser\u00e1 um dos palestrantes do evento. Para acompanhar, basta acessar o canal do Sebrae do Youtube ou do Instagram, no pr\u00f3ximo dia 27 de junho, a partir das 19h<\/p>\n<div>\n<p>O novo epis\u00f3dio do Papo Sebrae de Finan\u00e7as j\u00e1 tem data marcada. Ser\u00e1 no pr\u00f3ximo dia 27 de junho (ter\u00e7a-feira), a partir das 19h, com transmiss\u00e3o on-line pelo canal do Sebrae no Youtube e no Instagram. Desta vez, o tema ser\u00e1 \u201cComo utilizar a Economia Colaborativa em benef\u00edcio da gest\u00e3o financeira do seu neg\u00f3cio\u201d.<\/p>\n<p>Para quem ainda n\u00e3o sabe, a Economia Colaborativa tamb\u00e9m \u00e9 conhecida como Economia da Troca ou Consumo de Troca, a partir de uma vis\u00e3o da Economia Sustent\u00e1vel. Entre os principais atores do mercado colaborativo est\u00e3o os setores de transportes, servi\u00e7os e alugu\u00e9is.<\/p>\n<p>De acordo com o analista de Capitaliza\u00e7\u00e3o e Servi\u00e7os Financeiros do Sebrae Nacional, Leonardo Carvalho, a Economia Colaborativa pode ajudar na redu\u00e7\u00e3o geral de despesas, com consequente libera\u00e7\u00e3o do fluxo de caixa, entre outros benef\u00edcios.<\/p>\n<p>No 3\u00ba epis\u00f3dio, o Papo Sebrae de Finan\u00e7as convidou especialistas no assunto. Um deles \u00e9 o CEO da plataforma X por Y, Rafael Barbosa, que atuou como diretor da Associa\u00e7\u00e3o Nacional de Pesquisa e Desenvolvimento das Empresas Inovadoras (ANPEI) e diretor de Inova\u00e7\u00e3o da Confedera\u00e7\u00e3o Nacional de Jovens Empres\u00e1rios (Conaje), al\u00e9m de passagem por multinacionais como GE, Procter &amp; Gamble e Unilever. A plataforma recentemente firmou uma parceria com o Sebrae Nacional e oferecer\u00e1 seus servi\u00e7os para todos os empreendedores do Brasil.<\/p>\n<p>Al\u00e9m de Rafael Barbosa, que \u00e9 o evento on-line tamb\u00e9m traz o empreendedor Pedro Lima, produtor de eventos esportivos e experiente no mercado colaborativo. O analista de Capitaliza\u00e7\u00e3o e Servi\u00e7os Financeiros do Sebrae Weniston Abreu ser\u00e1 o mediador do bate-papo.<\/p>\n<p><strong>Se liga\u00a0<\/strong><\/p>\n<p>Os outros dois epis\u00f3dios do Papo Sebrae de Finan\u00e7as ainda est\u00e3o dispon\u00edveis no canal do Sebrae no YouTube. O primeiro tratou de microcr\u00e9dito e o segundo esteve focado em educa\u00e7\u00e3o financeira. Juntos as duas lives j\u00e1 alcan\u00e7aram quase sete mil visualiza\u00e7\u00f5es.<\/p>\n<p>Assista aqui:<\/p>\n<p>Como acessar o microcr\u00e9dito para melhorar seu neg\u00f3cio &#8211; https:\/\/www.youtube.com\/watch?v=DdKRlGFu1hI<\/p>\n<p>Como tornar a educa\u00e7\u00e3o financeira um h\u00e1bito &#8211; https:\/\/www.youtube.com\/watch?v=5iTF27OM4XM<\/p>\n<\/div>\n<div class=\"text-center\">\n<div class=\"mt-5\"><\/div>\n<\/div>\n","protected":false},"excerpt":{"rendered":"<p>Rafael Barbosa, especialista em economia colaborativa e ceo da X por Y, plataforma oficial do Sebrae Nacional, ser\u00e1 um dos palestrantes do evento. Para acompanhar, basta acessar o canal do Sebrae do Youtube ou do Instagram, no pr\u00f3ximo dia 27 de junho, a partir das 19h O novo epis\u00f3dio do Papo Sebrae de Finan\u00e7as j\u00e1 [&hellip;]<\/p>\n","protected":false},"author":2,"featured_media":10077,"comment_status":"open","ping_status":"open","sticky":false,"template":"","format":"standard","meta":{"_jetpack_memberships_contains_paid_content":false,"footnotes":""},"categories":[51,54,56,60],"tags":[7686],"featured_image_src":{"landsacpe":["https:\/\/revistaempresarios.net\/web\/wp-content\/uploads\/2023\/06\/RafaelBarbosaRogerioNeves1-1140x445.jpg",1140,445,true],"list":["https:\/\/revistaempresarios.net\/web\/wp-content\/uploads\/2023\/06\/RafaelBarbosaRogerioNeves1-463x348.jpg",463,348,true],"medium":["https:\/\/revistaempresarios.net\/web\/wp-content\/uploads\/2023\/06\/RafaelBarbosaRogerioNeves1-300x200.jpg",300,200,true],"full":["https:\/\/revistaempresarios.net\/web\/wp-content\/uploads\/2023\/06\/RafaelBarbosaRogerioNeves1-scaled.jpg",2560,1707,false]},"jetpack_sharing_enabled":true,"jetpack_featured_media_url":"https:\/\/revistaempresarios.net\/web\/wp-content\/uploads\/2023\/06\/RafaelBarbosaRogerioNeves1-scaled.jpg","jetpack-related-posts":[],"_links":{"self":[{"href":"https:\/\/revistaempresarios.net\/web\/wp-json\/wp\/v2\/posts\/10076"}],"collection":[{"href":"https:\/\/revistaempresarios.net\/web\/wp-json\/wp\/v2\/posts"}],"about":[{"href":"https:\/\/revistaempresarios.net\/web\/wp-json\/wp\/v2\/types\/post"}],"author":[{"embeddable":true,"href":"https:\/\/revistaempresarios.net\/web\/wp-json\/wp\/v2\/users\/2"}],"replies":[{"embeddable":true,"href":"https:\/\/revistaempresarios.net\/web\/wp-json\/wp\/v2\/comments?post=10076"}],"version-history":[{"count":1,"href":"https:\/\/revistaempresarios.net\/web\/wp-json\/wp\/v2\/posts\/10076\/revisions"}],"predecessor-version":[{"id":10078,"href":"https:\/\/revistaempresarios.net\/web\/wp-json\/wp\/v2\/posts\/10076\/revisions\/10078"}],"wp:featuredmedia":[{"embeddable":true,"href":"https:\/\/revistaempresarios.net\/web\/wp-json\/wp\/v2\/media\/10077"}],"wp:attachment":[{"href":"https:\/\/revistaempresarios.net\/web\/wp-json\/wp\/v2\/media?parent=10076"}],"wp:term":[{"taxonomy":"category","embeddable":true,"href":"https:\/\/revistaempresarios.net\/web\/wp-json\/wp\/v2\/categories?post=10076"},{"taxonomy":"post_tag","embeddable":true,"href":"https:\/\/revistaempresarios.net\/web\/wp-json\/wp\/v2\/tags?post=10076"}],"curies":[{"name":"wp","href":"https:\/\/api.w.org\/{rel}","templated":true}]}}