{"id":10048,"date":"2023-06-22T11:13:49","date_gmt":"2023-06-22T14:13:49","guid":{"rendered":"https:\/\/revistaempresarios.net\/web\/?p=10048"},"modified":"2023-06-22T11:13:49","modified_gmt":"2023-06-22T14:13:49","slug":"para-abcripto-marco-legal-das-criptomoedas-que-entra-em-vigor-a-partir-de-hoje-traz-mais-seguranca-juridica-para-o-setor","status":"publish","type":"post","link":"https:\/\/revistaempresarios.net\/web\/2023\/06\/22\/para-abcripto-marco-legal-das-criptomoedas-que-entra-em-vigor-a-partir-de-hoje-traz-mais-seguranca-juridica-para-o-setor\/","title":{"rendered":"Para ABCripto, Marco Legal das Criptomoedas, que entra em vigor a partir de hoje, traz mais seguran\u00e7a jur\u00eddica para o setor"},"content":{"rendered":"<p><span data-contrast=\"auto\">O Marco Legal das Criptomoedas (Lei n\u00ba 14.478\/2022) entra em vigor nesta ter\u00e7a-feira, 20 de junho. Aprovada no final do ano passado, a lei passa a valer ap\u00f3s assinatura do decreto pelo presidente da Rep\u00fablica com as diretrizes de aplica\u00e7\u00e3o.\u00a0<\/span><span data-ccp-props=\"{&quot;134233118&quot;:false,&quot;201341983&quot;:0,&quot;335551550&quot;:6,&quot;335551620&quot;:6,&quot;335559739&quot;:0,&quot;335559740&quot;:259}\">\u00a0<\/span><\/p>\n<p><span data-contrast=\"auto\">O decreto era muito aguardado pelo setor em fun\u00e7\u00e3o da determina\u00e7\u00e3o do \u00f3rg\u00e3o respons\u00e1vel por fiscalizar o setor, compet\u00eancia que ficar\u00e1 a cargo do Banco Central (BC). A autarquia disciplinar\u00e1 as atividades das prestadoras de servi\u00e7os de ativos virtuais no Pa\u00eds. A regulamenta\u00e7\u00e3o diz, ainda, que os ativos mobili\u00e1rios (a\u00e7\u00f5es, deb\u00eantures, t\u00edtulos e contratos futuros, por exemplo), continuam sob a compet\u00eancia da Comiss\u00e3o de Valores Mobili\u00e1rios, \u00f3rg\u00e3o ligado ao Minist\u00e9rio da Fazenda.\u00a0<\/span><span data-ccp-props=\"{&quot;134233118&quot;:false,&quot;201341983&quot;:0,&quot;335551550&quot;:6,&quot;335551620&quot;:6,&quot;335559739&quot;:0,&quot;335559740&quot;:259}\">\u00a0<\/span><\/p>\n<p><span data-contrast=\"auto\">Bernardo Srur, diretor-presidente da Associa\u00e7\u00e3o Brasileira de Criptoeconomia (ABCripto), destaca que a regulamenta\u00e7\u00e3o\u00a0<\/span><span data-contrast=\"none\">estabelece regras que devem trazer mais seguran\u00e7a jur\u00eddica ao mercado. &#8220;O decreto institucionaliza as pr\u00e1ticas que a ABCripto j\u00e1 exige de seus associados desde 2020, uma vez que nosso foco \u00e9 promover total seguran\u00e7a para o sistema financeiro brasileiro. Com a entrada em vigor do Marco Legal, temos um primeiro norte para criar um cen\u00e1rio regulat\u00f3rio menos fragmentado\u201d, afirma.\u00a0<\/span><span data-ccp-props=\"{&quot;134233118&quot;:false,&quot;201341983&quot;:0,&quot;335551550&quot;:6,&quot;335551620&quot;:6,&quot;335559739&quot;:0,&quot;335559740&quot;:259}\">\u00a0<\/span><\/p>\n<p><span data-contrast=\"none\">De acordo com a lei, haver\u00e1 um prazo de, pelo menos, seis meses para a adapta\u00e7\u00e3o \u00e0s novas regras. \u201cO mercado, agora, vai seguir uma mesma r\u00e9gua e a barra de seguran\u00e7a subiu. O decreto referenda nosso prop\u00f3sito de ter um mercado seguro, inovador e transparente&#8221;, conclui Bernardo. &#8220;A garantia de mais seguran\u00e7a jur\u00eddica com a nova legisla\u00e7\u00e3o deve alavancar investimentos no mercado de criptoeconomia brasileiro&#8221;, completa Srur.<\/span><span data-ccp-props=\"{&quot;134233118&quot;:false,&quot;201341983&quot;:0,&quot;335551550&quot;:6,&quot;335551620&quot;:6,&quot;335559731&quot;:0,&quot;335559739&quot;:0,&quot;335559740&quot;:259}\">\u00a0<\/span><\/p>\n<p><span data-ccp-props=\"{&quot;134233118&quot;:false,&quot;201341983&quot;:0,&quot;335551550&quot;:6,&quot;335551620&quot;:6,&quot;335559731&quot;:0,&quot;335559739&quot;:0,&quot;335559740&quot;:259}\">\u00a0<\/span><\/p>\n<p><strong><span data-contrast=\"none\">Sobre a ABCripto<\/span><\/strong><span data-contrast=\"none\">\u00a0<\/span><span data-ccp-props=\"{&quot;134233118&quot;:false,&quot;201341983&quot;:0,&quot;335551550&quot;:6,&quot;335551620&quot;:6,&quot;335559739&quot;:0,&quot;335559740&quot;:240}\">\u00a0<\/span><\/p>\n<p><span data-contrast=\"none\">A Associa\u00e7\u00e3o Brasileira de Criptoeconomia (ABCripto) representa o setor de ativos digitais no pa\u00eds (o bitcoin \u00e9 o mais conhecido deles). Trabalha para a organiza\u00e7\u00e3o e desenvolvimento do ambiente de neg\u00f3cios, representa os interesses dos participantes do mercado e colabora para a constru\u00e7\u00e3o de pol\u00edticas p\u00fablicas e privadas que fomentem a inova\u00e7\u00e3o e garanta direitos dos investidores. Tem a miss\u00e3o de aproximar os brasileiros do mercado de criptoativos e reunir os agentes respons\u00e1veis pelo desenvolvimento desta nova infraestrutura de servi\u00e7os financeiros.\u00a0<\/span><span data-ccp-props=\"{&quot;134233118&quot;:false,&quot;201341983&quot;:0,&quot;335551550&quot;:6,&quot;335551620&quot;:6,&quot;335559739&quot;:0,&quot;335559740&quot;:240}\">\u00a0<\/span><\/p>\n","protected":false},"excerpt":{"rendered":"<p>O Marco Legal das Criptomoedas (Lei n\u00ba 14.478\/2022) entra em vigor nesta ter\u00e7a-feira, 20 de junho. Aprovada no final do ano passado, a lei passa a valer ap\u00f3s assinatura do decreto pelo presidente da Rep\u00fablica com as diretrizes de aplica\u00e7\u00e3o.\u00a0\u00a0 O decreto era muito aguardado pelo setor em fun\u00e7\u00e3o da determina\u00e7\u00e3o do \u00f3rg\u00e3o respons\u00e1vel por [&hellip;]<\/p>\n","protected":false},"author":2,"featured_media":10049,"comment_status":"open","ping_status":"open","sticky":false,"template":"","format":"standard","meta":{"_jetpack_memberships_contains_paid_content":false,"footnotes":""},"categories":[51,53,54,56,62],"tags":[7675,7674,7676,7677],"featured_image_src":{"landsacpe":["https:\/\/revistaempresarios.net\/web\/wp-content\/uploads\/2023\/06\/bernardo-srur-diretor-presidente-2_190620234744.jpeg-710x445.webp",710,445,true],"list":["https:\/\/revistaempresarios.net\/web\/wp-content\/uploads\/2023\/06\/bernardo-srur-diretor-presidente-2_190620234744.jpeg-463x348.webp",463,348,true],"medium":["https:\/\/revistaempresarios.net\/web\/wp-content\/uploads\/2023\/06\/bernardo-srur-diretor-presidente-2_190620234744.jpeg-300x200.webp",300,200,true],"full":["https:\/\/revistaempresarios.net\/web\/wp-content\/uploads\/2023\/06\/bernardo-srur-diretor-presidente-2_190620234744.jpeg.webp",710,474,false]},"jetpack_sharing_enabled":true,"jetpack_featured_media_url":"https:\/\/revistaempresarios.net\/web\/wp-content\/uploads\/2023\/06\/bernardo-srur-diretor-presidente-2_190620234744.jpeg.webp","jetpack-related-posts":[],"_links":{"self":[{"href":"https:\/\/revistaempresarios.net\/web\/wp-json\/wp\/v2\/posts\/10048"}],"collection":[{"href":"https:\/\/revistaempresarios.net\/web\/wp-json\/wp\/v2\/posts"}],"about":[{"href":"https:\/\/revistaempresarios.net\/web\/wp-json\/wp\/v2\/types\/post"}],"author":[{"embeddable":true,"href":"https:\/\/revistaempresarios.net\/web\/wp-json\/wp\/v2\/users\/2"}],"replies":[{"embeddable":true,"href":"https:\/\/revistaempresarios.net\/web\/wp-json\/wp\/v2\/comments?post=10048"}],"version-history":[{"count":1,"href":"https:\/\/revistaempresarios.net\/web\/wp-json\/wp\/v2\/posts\/10048\/revisions"}],"predecessor-version":[{"id":10050,"href":"https:\/\/revistaempresarios.net\/web\/wp-json\/wp\/v2\/posts\/10048\/revisions\/10050"}],"wp:featuredmedia":[{"embeddable":true,"href":"https:\/\/revistaempresarios.net\/web\/wp-json\/wp\/v2\/media\/10049"}],"wp:attachment":[{"href":"https:\/\/revistaempresarios.net\/web\/wp-json\/wp\/v2\/media?parent=10048"}],"wp:term":[{"taxonomy":"category","embeddable":true,"href":"https:\/\/revistaempresarios.net\/web\/wp-json\/wp\/v2\/categories?post=10048"},{"taxonomy":"post_tag","embeddable":true,"href":"https:\/\/revistaempresarios.net\/web\/wp-json\/wp\/v2\/tags?post=10048"}],"curies":[{"name":"wp","href":"https:\/\/api.w.org\/{rel}","templated":true}]}}